{"id":795,"date":"2024-04-11T10:18:26","date_gmt":"2024-04-11T10:18:26","guid":{"rendered":"https:\/\/sam-e.ci\/senegal-electric-buses-for-public-transport\/"},"modified":"2024-04-20T05:31:31","modified_gmt":"2024-04-20T05:31:31","slug":"senegal-electric-buses-for-public-transport","status":"publish","type":"post","link":"https:\/\/sam-e.ci\/en\/senegal-electric-buses-for-public-transport\/","title":{"rendered":"Senegal: Electric buses for public transport"},"content":{"rendered":"\n<figure class=\"wp-block-embed is-type-video is-provider-youtube wp-block-embed-youtube wp-embed-aspect-16-9 wp-has-aspect-ratio\"><div class=\"wp-block-embed__wrapper\">\n<iframe title=\"S\u00e9n\u00e9gal : des bus \u00e9lectriques pour le transport public\" width=\"800\" height=\"450\" src=\"https:\/\/www.youtube.com\/embed\/6YvuR2-u3_I?feature=oembed\" frameborder=\"0\" allow=\"accelerometer; autoplay; clipboard-write; encrypted-media; gyroscope; picture-in-picture; web-share\" referrerpolicy=\"strict-origin-when-cross-origin\" allowfullscreen><\/iframe>\n<\/div><\/figure>\n","protected":false},"excerpt":{"rendered":"<p>After four years of waiting and months of preparation, these buses are about to blend into the Dakar landscape.  <\/p>\n","protected":false},"author":1,"featured_media":750,"comment_status":"closed","ping_status":"closed","sticky":false,"template":"","format":"standard","meta":{"footnotes":""},"categories":[1],"tags":[],"_links":{"self":[{"href":"https:\/\/sam-e.ci\/en\/wp-json\/wp\/v2\/posts\/795"}],"collection":[{"href":"https:\/\/sam-e.ci\/en\/wp-json\/wp\/v2\/posts"}],"about":[{"href":"https:\/\/sam-e.ci\/en\/wp-json\/wp\/v2\/types\/post"}],"author":[{"embeddable":true,"href":"https:\/\/sam-e.ci\/en\/wp-json\/wp\/v2\/users\/1"}],"replies":[{"embeddable":true,"href":"https:\/\/sam-e.ci\/en\/wp-json\/wp\/v2\/comments?post=795"}],"version-history":[{"count":2,"href":"https:\/\/sam-e.ci\/en\/wp-json\/wp\/v2\/posts\/795\/revisions"}],"predecessor-version":[{"id":999,"href":"https:\/\/sam-e.ci\/en\/wp-json\/wp\/v2\/posts\/795\/revisions\/999"}],"wp:featuredmedia":[{"embeddable":true,"href":"https:\/\/sam-e.ci\/en\/wp-json\/wp\/v2\/media\/750"}],"wp:attachment":[{"href":"https:\/\/sam-e.ci\/en\/wp-json\/wp\/v2\/media?parent=795"}],"wp:term":[{"taxonomy":"category","embeddable":true,"href":"https:\/\/sam-e.ci\/en\/wp-json\/wp\/v2\/categories?post=795"},{"taxonomy":"post_tag","embeddable":true,"href":"https:\/\/sam-e.ci\/en\/wp-json\/wp\/v2\/tags?post=795"}],"curies":[{"name":"wp","href":"https:\/\/api.w.org\/{rel}","templated":true}]}}